{"id":99725,"date":"2024-10-09T13:00:00","date_gmt":"2024-10-09T11:00:00","guid":{"rendered":"https:\/\/www.manquepierda.com\/historiarealbetis\/?p=99725"},"modified":"2024-10-03T07:29:52","modified_gmt":"2024-10-03T05:29:52","slug":"hoy-hace-30-anos-betis-3-espanyol-1","status":"publish","type":"post","link":"https:\/\/www.manquepierda.com\/historiarealbetis\/hoy-hace-30-anos-betis-3-espanyol-1\/","title":{"rendered":"Hoy hace 30 a\u00f1os. Betis 3 Espanyol 1."},"content":{"rendered":"<div class=\"wp-block-image\">\n<figure class=\"aligncenter size-medium\"><img data-recalc-dims=\"1\" loading=\"lazy\" decoding=\"async\" width=\"680\" height=\"490\" src=\"https:\/\/i0.wp.com\/www.manquepierda.com\/historiarealbetis\/files\/2024\/09\/9-1994-Betis-3-Espanyol-1.jpg?resize=680%2C490&#038;ssl=1\" alt=\"\" class=\"wp-image-99726\" srcset=\"https:\/\/i0.wp.com\/www.manquepierda.com\/historiarealbetis\/files\/2024\/09\/9-1994-Betis-3-Espanyol-1-scaled.jpg?resize=680%2C490&amp;ssl=1 680w, https:\/\/i0.wp.com\/www.manquepierda.com\/historiarealbetis\/files\/2024\/09\/9-1994-Betis-3-Espanyol-1-scaled.jpg?resize=960%2C692&amp;ssl=1 960w, https:\/\/i0.wp.com\/www.manquepierda.com\/historiarealbetis\/files\/2024\/09\/9-1994-Betis-3-Espanyol-1-scaled.jpg?resize=220%2C158&amp;ssl=1 220w, https:\/\/i0.wp.com\/www.manquepierda.com\/historiarealbetis\/files\/2024\/09\/9-1994-Betis-3-Espanyol-1-scaled.jpg?resize=768%2C553&amp;ssl=1 768w, https:\/\/i0.wp.com\/www.manquepierda.com\/historiarealbetis\/files\/2024\/09\/9-1994-Betis-3-Espanyol-1-scaled.jpg?resize=1536%2C1106&amp;ssl=1 1536w, https:\/\/i0.wp.com\/www.manquepierda.com\/historiarealbetis\/files\/2024\/09\/9-1994-Betis-3-Espanyol-1-scaled.jpg?resize=2048%2C1475&amp;ssl=1 2048w\" sizes=\"auto, (max-width: 680px) 100vw, 680px\" \/><\/figure>\n<\/div>\n\n<p>\u00a0<\/p>\n<p><span style=\"color: #008000\">El 9 de octubre de 1994 en el Villamar\u00edn el Betis derrota por 3-1 al Espanyol en partido de la jornada 6 del Campeonato de Liga de Primera Divisi\u00f3n.<\/span><\/p>\n<p><span style=\"color: #008000\">En el minuto 24 un centro de Men\u00e9ndez desde la banda izquierda fue rematado en plancha de cabeza por M\u00e1rquez, haciendo el 1-0. En el 44 Roberto de cabeza hizo el empate. En el 62 Stosic, a pase de Kowalczyk, marc\u00f3 el 2-1, y en el 88 un nuevo centro de Men\u00e9ndez lo control\u00f3 M\u00e1rquez rematando cruzado para hacer el 3-1.<\/span><\/p>\n<p><span style=\"color: #008000\">El Betis, dirigido por Lorenzo Serra, aline\u00f3 a Jaro; Jaime, Ure\u00f1a, Vidakovic, Men\u00e9ndez; M\u00e1rquez, Alexis, Stosic, Gordillo (59, Ca\u00f1as); Cu\u00e9llar y Aquino (59, Kowalczyck).<\/span><\/p>\n<p><span style=\"color: #008000\">El Espanyol, entrenado por Jos\u00e9 Antonio Camacho, form\u00f3 con Toni; Mendiondo (67, Lluis), Pocchetino, Herrera, Torres Mestre; Francisco, Brnovic, Kuznetsov, Arteaga (67, Fonseca); Lard\u00edn y Roberto. \u00a0<\/span><\/p>","protected":false},"excerpt":{"rendered":"<p>\u00a0 El 9 de octubre de 1994 en el Villamar\u00edn el Betis derrota por 3-1 al Espanyol en partido de la jornada 6 del Campeonato de Liga de Primera Divisi\u00f3n. En el minuto 24 un centro de Men\u00e9ndez desde la banda izquierda fue rematado en plancha de cabeza por M\u00e1rquez, haciendo el 1-0. En el&#8230;<\/p>\n","protected":false},"author":5,"featured_media":99726,"comment_status":"open","ping_status":"open","sticky":false,"template":"","format":"standard","meta":{"_kad_post_transparent":"","_kad_post_title":"","_kad_post_layout":"","_kad_post_sidebar_id":"","_kad_post_content_style":"","_kad_post_vertical_padding":"","_kad_post_feature":"","_kad_post_feature_position":"","_kad_post_header":false,"_kad_post_footer":false,"_kad_post_classname":"","_jetpack_memberships_contains_paid_content":false,"footnotes":"","jetpack_publicize_message":"","jetpack_publicize_feature_enabled":true,"jetpack_social_post_already_shared":true,"jetpack_social_options":{"image_generator_settings":{"template":"highway","default_image_id":0,"font":"","enabled":false},"version":2}},"categories":[905,14583],"tags":[1540,17863,711],"class_list":["post-99725","post","type-post","status-publish","format-standard","has-post-thumbnail","hentry","category-1990-1999","category-efemerides","tag-1540","tag-liga-primera-1994-95","tag-rcd-espanyol"],"jetpack_publicize_connections":[],"jetpack_featured_media_url":"https:\/\/i0.wp.com\/www.manquepierda.com\/historiarealbetis\/files\/2024\/09\/9-1994-Betis-3-Espanyol-1-scaled.jpg?fit=2560%2C1844&ssl=1","jetpack_sharing_enabled":true,"jetpack_shortlink":"https:\/\/wp.me\/p1ij08-pWt","jetpack-related-posts":[],"_links":{"self":[{"href":"https:\/\/www.manquepierda.com\/historiarealbetis\/wp-json\/wp\/v2\/posts\/99725","targetHints":{"allow":["GET"]}}],"collection":[{"href":"https:\/\/www.manquepierda.com\/historiarealbetis\/wp-json\/wp\/v2\/posts"}],"about":[{"href":"https:\/\/www.manquepierda.com\/historiarealbetis\/wp-json\/wp\/v2\/types\/post"}],"author":[{"embeddable":true,"href":"https:\/\/www.manquepierda.com\/historiarealbetis\/wp-json\/wp\/v2\/users\/5"}],"replies":[{"embeddable":true,"href":"https:\/\/www.manquepierda.com\/historiarealbetis\/wp-json\/wp\/v2\/comments?post=99725"}],"version-history":[{"count":1,"href":"https:\/\/www.manquepierda.com\/historiarealbetis\/wp-json\/wp\/v2\/posts\/99725\/revisions"}],"predecessor-version":[{"id":99727,"href":"https:\/\/www.manquepierda.com\/historiarealbetis\/wp-json\/wp\/v2\/posts\/99725\/revisions\/99727"}],"wp:featuredmedia":[{"embeddable":true,"href":"https:\/\/www.manquepierda.com\/historiarealbetis\/wp-json\/wp\/v2\/media\/99726"}],"wp:attachment":[{"href":"https:\/\/www.manquepierda.com\/historiarealbetis\/wp-json\/wp\/v2\/media?parent=99725"}],"wp:term":[{"taxonomy":"category","embeddable":true,"href":"https:\/\/www.manquepierda.com\/historiarealbetis\/wp-json\/wp\/v2\/categories?post=99725"},{"taxonomy":"post_tag","embeddable":true,"href":"https:\/\/www.manquepierda.com\/historiarealbetis\/wp-json\/wp\/v2\/tags?post=99725"}],"curies":[{"name":"wp","href":"https:\/\/api.w.org\/{rel}","templated":true}]}}