{"id":99758,"date":"2024-10-02T11:00:00","date_gmt":"2024-10-02T09:00:00","guid":{"rendered":"https:\/\/www.manquepierda.com\/historiarealbetis\/?p=99758"},"modified":"2024-09-27T07:47:31","modified_gmt":"2024-09-27T05:47:31","slug":"beticos-con-su-seleccion-robert-jarni-con-croacia-1998","status":"publish","type":"post","link":"https:\/\/www.manquepierda.com\/historiarealbetis\/beticos-con-su-seleccion-robert-jarni-con-croacia-1998\/","title":{"rendered":"B\u00e9ticos con su selecci\u00f3n. Robert Jarni con Croacia. 1998"},"content":{"rendered":"<div class=\"wp-block-image\">\n<figure class=\"aligncenter size-full\"><img data-recalc-dims=\"1\" loading=\"lazy\" decoding=\"async\" width=\"612\" height=\"375\" src=\"https:\/\/i0.wp.com\/www.manquepierda.com\/historiarealbetis\/files\/2024\/09\/Jarni-1998-07-11-Croacia-2-Paises-Bajos-1-Mundial.jpg?resize=612%2C375&#038;ssl=1\" alt=\"\" class=\"wp-image-99759\" srcset=\"https:\/\/i0.wp.com\/www.manquepierda.com\/historiarealbetis\/files\/2024\/09\/Jarni-1998-07-11-Croacia-2-Paises-Bajos-1-Mundial.jpg?w=612&amp;ssl=1 612w, https:\/\/i0.wp.com\/www.manquepierda.com\/historiarealbetis\/files\/2024\/09\/Jarni-1998-07-11-Croacia-2-Paises-Bajos-1-Mundial.jpg?resize=220%2C135&amp;ssl=1 220w\" sizes=\"auto, (max-width: 612px) 100vw, 612px\" \/><\/figure>\n<\/div>\n\n<p>11 de julio de 1998 en el Parque de los Pr\u00edncipes de Par\u00eds Croacia 2 Pa\u00edses Bajos 1; encuentro por el tercer puesto del Campeonato Mundial de 1998 disputado en Francia.<\/p>\n<p>En la imagen arriba\u00a0 Boban (Milan), Ladic (Croatia Zagreb), Bilic (Everton), Soldo ( Stuttgart), Suker (Real Madrid) y Asanovic (N\u00e1poles); abajo Jarni (Betis), Stimac (Derby County), Prosinecki (Croatia Zagreb), Jurcic (Croatia Zagreb) y Stanic ( Parma).\u00a0<\/p>\n<p>Robert Jarni disput\u00f3 88 partidos internacionales con las selecciones de Yugoslavia y Croacia, de los que en 31 ocasiones pertenec\u00eda al Real Betis Balompi\u00e9.\u00a0<\/p>","protected":false},"excerpt":{"rendered":"<p>11 de julio de 1998 en el Parque de los Pr\u00edncipes de Par\u00eds Croacia 2 Pa\u00edses Bajos 1; encuentro por el tercer puesto del Campeonato Mundial de 1998 disputado en Francia. En la imagen arriba\u00a0 Boban (Milan), Ladic (Croatia Zagreb), Bilic (Everton), Soldo ( Stuttgart), Suker (Real Madrid) y Asanovic (N\u00e1poles); abajo Jarni (Betis), Stimac&#8230;<\/p>\n","protected":false},"author":5,"featured_media":99759,"comment_status":"open","ping_status":"open","sticky":false,"template":"","format":"standard","meta":{"_kad_post_transparent":"","_kad_post_title":"","_kad_post_layout":"","_kad_post_sidebar_id":"","_kad_post_content_style":"","_kad_post_vertical_padding":"","_kad_post_feature":"","_kad_post_feature_position":"","_kad_post_header":false,"_kad_post_footer":false,"_kad_post_classname":"","_jetpack_memberships_contains_paid_content":false,"footnotes":"","jetpack_publicize_message":"","jetpack_publicize_feature_enabled":true,"jetpack_social_post_already_shared":true,"jetpack_social_options":{"image_generator_settings":{"template":"highway","default_image_id":0,"font":"","enabled":false},"version":2}},"categories":[905,893,1],"tags":[2413,18294,17373,1333],"class_list":["post-99758","post","type-post","status-publish","format-standard","has-post-thumbnail","hentry","category-1990-1999","category-jugadores-temas","category-portada","tag-2413","tag-campeonato-mundial-1998","tag-croacia","tag-robert-jarni"],"jetpack_publicize_connections":[],"jetpack_featured_media_url":"https:\/\/i0.wp.com\/www.manquepierda.com\/historiarealbetis\/files\/2024\/09\/Jarni-1998-07-11-Croacia-2-Paises-Bajos-1-Mundial.jpg?fit=612%2C375&ssl=1","jetpack_sharing_enabled":true,"jetpack_shortlink":"https:\/\/wp.me\/p1ij08-pX0","jetpack-related-posts":[],"_links":{"self":[{"href":"https:\/\/www.manquepierda.com\/historiarealbetis\/wp-json\/wp\/v2\/posts\/99758","targetHints":{"allow":["GET"]}}],"collection":[{"href":"https:\/\/www.manquepierda.com\/historiarealbetis\/wp-json\/wp\/v2\/posts"}],"about":[{"href":"https:\/\/www.manquepierda.com\/historiarealbetis\/wp-json\/wp\/v2\/types\/post"}],"author":[{"embeddable":true,"href":"https:\/\/www.manquepierda.com\/historiarealbetis\/wp-json\/wp\/v2\/users\/5"}],"replies":[{"embeddable":true,"href":"https:\/\/www.manquepierda.com\/historiarealbetis\/wp-json\/wp\/v2\/comments?post=99758"}],"version-history":[{"count":2,"href":"https:\/\/www.manquepierda.com\/historiarealbetis\/wp-json\/wp\/v2\/posts\/99758\/revisions"}],"predecessor-version":[{"id":99761,"href":"https:\/\/www.manquepierda.com\/historiarealbetis\/wp-json\/wp\/v2\/posts\/99758\/revisions\/99761"}],"wp:featuredmedia":[{"embeddable":true,"href":"https:\/\/www.manquepierda.com\/historiarealbetis\/wp-json\/wp\/v2\/media\/99759"}],"wp:attachment":[{"href":"https:\/\/www.manquepierda.com\/historiarealbetis\/wp-json\/wp\/v2\/media?parent=99758"}],"wp:term":[{"taxonomy":"category","embeddable":true,"href":"https:\/\/www.manquepierda.com\/historiarealbetis\/wp-json\/wp\/v2\/categories?post=99758"},{"taxonomy":"post_tag","embeddable":true,"href":"https:\/\/www.manquepierda.com\/historiarealbetis\/wp-json\/wp\/v2\/tags?post=99758"}],"curies":[{"name":"wp","href":"https:\/\/api.w.org\/{rel}","templated":true}]}}