{"id":99762,"date":"2024-10-04T11:00:00","date_gmt":"2024-10-04T09:00:00","guid":{"rendered":"https:\/\/www.manquepierda.com\/historiarealbetis\/?p=99762"},"modified":"2024-09-27T07:44:21","modified_gmt":"2024-09-27T05:44:21","slug":"alineacion-sevilla-betis-liga-1961","status":"publish","type":"post","link":"https:\/\/www.manquepierda.com\/historiarealbetis\/alineacion-sevilla-betis-liga-1961\/","title":{"rendered":"Alineaci\u00f3n Sevilla-Betis Liga 1961."},"content":{"rendered":"<div class=\"wp-block-image\">\n<figure class=\"aligncenter size-full is-resized\"><img data-recalc-dims=\"1\" loading=\"lazy\" decoding=\"async\" width=\"472\" height=\"346\" src=\"https:\/\/i0.wp.com\/www.manquepierda.com\/historiarealbetis\/files\/2024\/09\/Alineacion-Sevilla-Betis-Liga-1961.jpg?resize=472%2C346&#038;ssl=1\" alt=\"\" class=\"wp-image-99763\" style=\"width:562px;height:auto\" srcset=\"https:\/\/i0.wp.com\/www.manquepierda.com\/historiarealbetis\/files\/2024\/09\/Alineacion-Sevilla-Betis-Liga-1961.jpg?w=472&amp;ssl=1 472w, https:\/\/i0.wp.com\/www.manquepierda.com\/historiarealbetis\/files\/2024\/09\/Alineacion-Sevilla-Betis-Liga-1961.jpg?resize=220%2C161&amp;ssl=1 220w\" sizes=\"auto, (max-width: 472px) 100vw, 472px\" \/><\/figure>\n<\/div>\n\n<\/p>\n<p>8 de octubre de 1961 en el S\u00e1nchez Pizju\u00e1n Sevilla 1 Betis 2; jornada 6 del Campeonato de Liga de Primera Divisi\u00f3n.<\/p>\n<p>En la imagen arriba Pep\u00edn, R\u00edos, Areta, Mart\u00edn Esperanza, Bosch y Lasa; abajo Montaner, Pallar\u00e9s, Yanko, Senekowitsch y Luis.<\/p>\n<p>En el minuto 11 Pallar\u00e9s, tras una jugada de Montaner por la banda, marc\u00f3 el 0-1; empataron los locales en el 19 tras un remate en propia puerta de Bosch. En el 61 Luis hizo el 1-2 con un golpeo desde fuera del \u00e1rea tras una falta sacada en corto por Yanko.<\/p>\n<p>Antonio Barrios entrenaba al Sevilla y Fernando Daucik al Betis.\u00a0<\/p>","protected":false},"excerpt":{"rendered":"<p>8 de octubre de 1961 en el S\u00e1nchez Pizju\u00e1n Sevilla 1 Betis 2; jornada 6 del Campeonato de Liga de Primera Divisi\u00f3n. En la imagen arriba Pep\u00edn, R\u00edos, Areta, Mart\u00edn Esperanza, Bosch y Lasa; abajo Montaner, Pallar\u00e9s, Yanko, Senekowitsch y Luis. En el minuto 11 Pallar\u00e9s, tras una jugada de Montaner por la banda, marc\u00f3&#8230;<\/p>\n","protected":false},"author":5,"featured_media":99763,"comment_status":"open","ping_status":"open","sticky":false,"template":"","format":"standard","meta":{"_kad_post_transparent":"","_kad_post_title":"","_kad_post_layout":"","_kad_post_sidebar_id":"","_kad_post_content_style":"","_kad_post_vertical_padding":"","_kad_post_feature":"","_kad_post_feature_position":"","_kad_post_header":false,"_kad_post_footer":false,"_kad_post_classname":"","_jetpack_memberships_contains_paid_content":false,"footnotes":"","jetpack_publicize_message":"","jetpack_publicize_feature_enabled":true,"jetpack_social_post_already_shared":true,"jetpack_social_options":{"image_generator_settings":{"template":"highway","default_image_id":0,"font":"","enabled":false},"version":2}},"categories":[902,1],"tags":[2922,2923,1379,3159,1317,1212,4300,3160,1336,2203,1319,17905,1456,916,1008],"class_list":["post-99762","post","type-post","status-publish","format-standard","has-post-thumbnail","hentry","category-1960-1969","category-portada","tag-2922","tag-1961-62","tag-andres-bosch","tag-antonio-pallares","tag-esteban-areta","tag-eusebio-rios","tag-helmut-senekowitsch","tag-ignacio-martin-esperanza","tag-jose-casas-pepin","tag-jose-maria-garcia-montaner","tag-leon-lasa","tag-liga-primera-1961-62","tag-luis-aragones","tag-sevilla-fc","tag-yanko-daucick"],"jetpack_publicize_connections":[],"jetpack_featured_media_url":"https:\/\/i0.wp.com\/www.manquepierda.com\/historiarealbetis\/files\/2024\/09\/Alineacion-Sevilla-Betis-Liga-1961.jpg?fit=472%2C346&ssl=1","jetpack_sharing_enabled":true,"jetpack_shortlink":"https:\/\/wp.me\/p1ij08-pX4","jetpack-related-posts":[],"_links":{"self":[{"href":"https:\/\/www.manquepierda.com\/historiarealbetis\/wp-json\/wp\/v2\/posts\/99762","targetHints":{"allow":["GET"]}}],"collection":[{"href":"https:\/\/www.manquepierda.com\/historiarealbetis\/wp-json\/wp\/v2\/posts"}],"about":[{"href":"https:\/\/www.manquepierda.com\/historiarealbetis\/wp-json\/wp\/v2\/types\/post"}],"author":[{"embeddable":true,"href":"https:\/\/www.manquepierda.com\/historiarealbetis\/wp-json\/wp\/v2\/users\/5"}],"replies":[{"embeddable":true,"href":"https:\/\/www.manquepierda.com\/historiarealbetis\/wp-json\/wp\/v2\/comments?post=99762"}],"version-history":[{"count":3,"href":"https:\/\/www.manquepierda.com\/historiarealbetis\/wp-json\/wp\/v2\/posts\/99762\/revisions"}],"predecessor-version":[{"id":99767,"href":"https:\/\/www.manquepierda.com\/historiarealbetis\/wp-json\/wp\/v2\/posts\/99762\/revisions\/99767"}],"wp:featuredmedia":[{"embeddable":true,"href":"https:\/\/www.manquepierda.com\/historiarealbetis\/wp-json\/wp\/v2\/media\/99763"}],"wp:attachment":[{"href":"https:\/\/www.manquepierda.com\/historiarealbetis\/wp-json\/wp\/v2\/media?parent=99762"}],"wp:term":[{"taxonomy":"category","embeddable":true,"href":"https:\/\/www.manquepierda.com\/historiarealbetis\/wp-json\/wp\/v2\/categories?post=99762"},{"taxonomy":"post_tag","embeddable":true,"href":"https:\/\/www.manquepierda.com\/historiarealbetis\/wp-json\/wp\/v2\/tags?post=99762"}],"curies":[{"name":"wp","href":"https:\/\/api.w.org\/{rel}","templated":true}]}}